[ { "type": "book", "accessed": { "date-parts": [ [ "2026", 4, 27 ] ] }, "title": "Quel fondement l\u00e9gal \u00e0 la gestion de la crise sanitaire ?", "title-short": "", "abstract": "Le 20 ao\u00fbt 2021 \u00e9tait publi\u00e9e au Moniteur belge une loi relative aux mesures de police administrative lors d\u2019une situation d\u2019urgence \u00e9pid\u00e9mique, plus connue sous le nom de \u00ab loi pand\u00e9mie \u00bb. Par l\u2019adoption de cette loi, le Parlement entendait mettre fin \u00e0 de nombreux mois de controverses sur le fondement juridique des mesures qui ont pr\u00e9sid\u00e9 \u00e0 la gestion de la crise sanitaire en g\u00e9n\u00e9ral, \u00e0 l\u2019organisation du confinement en particulier. Que pr\u00e9voit cette loi ? R\u00e9pond-t-elle aux critiques adress\u00e9es par la soci\u00e9t\u00e9 civile depuis le d\u00e9but de la crise sanitaire, critiques qui ont d\u2019ailleurs d\u00e9bouch\u00e9 sur plusieurs actions en justice aux r\u00e9sultats contrast\u00e9s ? Quel fut le processus parlementaire qui a permis l\u2019adoption de cette l\u00e9gislation et quelle a \u00e9t\u00e9 l\u2019attitude des partis politiques quant \u00e0 ce vote ? Cette loi va-t-elle d\u00e8s \u00e0 pr\u00e9sent changer la fa\u00e7on dont nos autorit\u00e9s g\u00e8rent cette crise ou ne vise-t-elle \u00e0 s\u2019appliquer qu\u2019aux futures crises pand\u00e9miques ? Pour r\u00e9pondre \u00e0 toutes ces questions et \u00e0 bien d\u2019autres, j\u2019ai le plaisir de recevoir deux membres du CRISP, deux membres habitu\u00e9es de notre antenne : Caroline S\u00e4gesser d\u2019une part, Vincent Lefebve d\u2019autre part.", "language": "fre", "URL": "https://www.crisp.be/fr/catalogue/2625-quel-fondement-legal-a-la-gestion-de-la-crise-sanitaire.html", "author": "", "contributor": [ { "family": "S\u00e4gesser", "given": "Caroline" }, { "family": "Lefebve", "given": "Vincent" } ], "collection-editor": "", "issued": { "date-parts": [ [ "2021" ] ] }, "collection-title": "Podcasts", "collection-number": null, "publisher": "Radio Panik", "publisher-place": "Bruxelles", "number-of-pages": "", "volume": "", "ISBN": "", "archive": "www.crisp.be", "note": "original-date: 2021-10-11" } ]