[ { "type": "article-journal", "accessed": { "date-parts": [ [ "2026", 4, 28 ] ] }, "title": "Le f\u00e9d\u00e9ralisme belge \u00e0 l\u2019\u00e9preuve de la pand\u00e9mie de Covid-19", "title-short": "", "abstract": "En quoi le caract\u00e8re f\u00e9d\u00e9ral de la Belgique a-t-il affect\u00e9 la r\u00e9ponse apport\u00e9e \u00e0 la pand\u00e9mie de Covid-19 ? Et cette crise sanitaire aura-t-elle des cons\u00e9quences sur cette architecture f\u00e9d\u00e9rale ?", "language": "fre", "URL": "https://www.crisp.be/fr/catalogue/2583-le-federalisme-belge-a-lepreuve-de-la-pandemie-de-covid19.html", "author": [ { "family": "S\u00e4gesser", "given": "Caroline" }, { "family": "Faniel", "given": "Jean" } ], "contributor": "", "editor": "", "issued": { "date-parts": [ [ "2026", 8, 14 ] ] }, "container-title": "Courrier hebdomadaire du CRISP", "archive": "www.crisp.be", "journalAbbreviation": "Courrier hebdomadaire", "issue": "2020-15", "page": null, "ISSN": "", "note": "type: periodical\npublisher :CRISP\npublisher-place : Bruxelles" } ]