[ { "type": "article-journal", "accessed": { "date-parts": [ [ "2026", 4, 26 ] ] }, "title": "Les votes nominatifs \u00e0 la Chambre des repr\u00e9sentants (II)", "title-short": "", "abstract": "Entre les \u00e9lections f\u00e9d\u00e9rales du 21 mai 1995 et celles du 26 mai 2019, la Chambre des repr\u00e9sentants a proc\u00e9d\u00e9 en s\u00e9ance pl\u00e9ni\u00e8re \u00e0 pas moins de 13 397 votes nominatifs valables. Outre qu\u2019ils ont conduit \u00e0 l\u2019adoption de nombreux textes (dont, au final, plusieurs milliers de lois) et au rejet de beaucoup d\u2019autres, les r\u00e9sultats de ces votes r\u00e9v\u00e8lent les \u00e9volutions de l\u2019\u00e9tat des rapports de force politiques au sein de l\u2019assembl\u00e9e parlementaire durant ces six l\u00e9gislatures.Pour analyser ces votes, ce Courrier hebdomadaire proc\u00e8de par une approche chiffr\u00e9e \u00e0 trois niveaux : celui de la Chambre des repr\u00e9sentants, celui des d\u00e9put\u00e9s et celui des groupes politiques \u2013 et, par extension, des partis politiques.En effet, le r\u00e9sultat d\u2019un vote, quel qu\u2019en soit le type, conduit \u00e0 une d\u00e9cision qui lie l\u2019ensemble de la Chambre et \u00e0 laquelle l\u2019opposition doit se plier. Il importe donc de se demander combien de fois l\u2019assembl\u00e9e vote et sur quels objets, si elle \u00e9tait au complet, etc. Mais le scrutin nominatif permet \u00e9galement de se focaliser sur le d\u00e9put\u00e9 pris individuellement, le vote \u00e9mis par chaque parlementaire \u00e9tant enregistr\u00e9 et mentionn\u00e9 dans les comptes rendus de s\u00e9ance. Enfin, la r\u00e9alit\u00e9 politique veut qu\u2019un d\u00e9put\u00e9, de fa\u00e7on g\u00e9n\u00e9rale, agisse en tant que membre d\u2019un groupe politique ; d\u00e8s lors, il est int\u00e9ressant de mesurer le degr\u00e9 de discipline de parti qui pr\u00e9vaut lors d\u2019un vote nominatif.", "language": "fre", "URL": "https://www.crisp.be/fr/catalogue/2065-les-votes-nominatifs-a-la-chambre-des-representants-ii.html", "author": [ { "family": "Verleden", "given": "Frederik" } ], "contributor": "", "editor": "", "issued": { "date-parts": [ [ "2026", 9, 17 ] ] }, "container-title": "Courrier hebdomadaire du CRISP", "archive": "www.crisp.be", "journalAbbreviation": "Courrier hebdomadaire", "issue": "2503-2504", "page": null, "ISSN": "", "note": "type: periodical\npublisher :CRISP\npublisher-place : Bruxelles" } ]