[ { "type": "article-journal", "accessed": { "date-parts": [ [ "2026", 5, 1 ] ] }, "title": "Gr\u00e8ves et conflictualit\u00e9 sociale en 2019 (I)", "title-short": "", "abstract": "Le Groupe d\u2019analyse des conflits sociaux (GRACOS) est un collectif interdisciplinaire ayant pour objectif l\u2019\u00e9tude des principaux mouvements de gr\u00e8ve et autres \u00e9l\u00e9ments de la conflictualit\u00e9 sociale qui jalonnent l\u2019actualit\u00e9 de chaque ann\u00e9e civile. Ce Courrier hebdomadaire est consacr\u00e9 aux conflits qui ont marqu\u00e9 l\u2019actualit\u00e9 belge en 2019. Particuli\u00e8rement significatifs par rapport \u00e0 l\u2019histoire sociale et aux enjeux futurs, ceux-ci sont regroup\u00e9s en deux volumes.Ce premier volume s\u2019ouvre avec l\u2019analyse de la conflictualit\u00e9 sociale interprofessionnelle. Celle-ci a essentiellement \u00e9t\u00e9 li\u00e9e aux n\u00e9gociations entre organisations patronales et syndicales qui ont vis\u00e9 \u00e0 conclure un accord interprofessionnel (AIP) couvrant l\u2019ensemble des travailleurs du secteur priv\u00e9 pour 2019 et 2020. Elle a notamment \u00e9t\u00e9 marqu\u00e9e par la gr\u00e8ve nationale en front commun syndical du 13 f\u00e9vrier. En d\u00e9finitive, le Groupe des dix s\u2019est accord\u00e9 sur une hausse salariale de +\u00a01,1\u00a0% mais les instances de la FGTB ont refus\u00e9 de ratifier le projet d\u2019accord. Les interlocuteurs sociaux ont poursuivi leurs discussions sur plusieurs dossiers, dont le rel\u00e8vement du salaire minimum.Ensuite, l\u2019analyse se penche sur les mouvements sociaux ayant touch\u00e9 trois branches des services publics\u00a0: la justice, les prisons et la sant\u00e9. La perspective des \u00e9lections du 26 mai 2019 a conduit \u00e0 une mobilisation particuli\u00e8rement intense dans le monde judicaire. La probl\u00e9matique du service garanti en cas de gr\u00e8ve a provoqu\u00e9 un vif m\u00e9contentement dans le milieu p\u00e9nitentiaire. La diminution constante des moyens a suscit\u00e9 des gr\u00e8ves du personnel hospitalier et la naissance du mouvement \u00ab La Sant\u00e9 en lutte \u00bb.Le GRACOS se compose actuellement de 19 membres\u00a0: B. Bauraind, A. Bingen, M. Brodersen, J. Buelens, B. Conter, V. Demertzis, A. Dufresne, J. Faniel, C. Gobin, N. Hirtz, G. Lambert, C. Leterme, E. Martinez, L. M\u00e9lon, P. Reman, M.-C. Trionfetti, K. Vandaele, J. Vandewattyne et C. Vanroelen. La pr\u00e9sente \u00e9tude a \u00e9t\u00e9 r\u00e9dig\u00e9e avec la collaboration de V. Lefebve.", "language": "fre", "URL": "https://www.crisp.be/fr/catalogue/2041-greves-et-conflictualite-sociale-en-2019-i.html", "author": [ { "family": "Gracos", "given": "Iannis" } ], "contributor": [ { "family": "Reman", "given": "Pierre" }, { "family": "Bingen", "given": "Aline" }, { "family": "Faniel", "given": "Jean" }, { "family": "Martinez", "given": "Esteban" }, { "family": "Vandaele", "given": "Kurt" }, { "family": "Demertzis", "given": "Va\u00efa" }, { "family": "Gobin", "given": "Corinne" }, { "family": "Vandewattyne", "given": "Jean" }, { "family": "Bauraind", "given": "Bruno" }, { "family": "Brodersen", "given": "Meike" }, { "family": "Buelens", "given": "Jan" }, { "family": "Conter", "given": "Bernard" }, { "family": "Leterme", "given": "C\u00e9dric" }, { "family": "M\u00e9lon", "given": "Laetitia" }, { "family": "Vanroelen", "given": "Christophe" }, { "family": "Dufresne", "given": "Anne" }, { "family": "Lefebve", "given": "Vincent" }, { "family": "Hirtz", "given": "Natalia" }, { "family": "Trionfetti", "given": "Maria-C\u00e9cilia" } ], "editor": "", "issued": { "date-parts": [ [ "2026", 12, 17 ] ] }, "container-title": "Courrier hebdomadaire du CRISP", "archive": "www.crisp.be", "journalAbbreviation": "Courrier hebdomadaire", "issue": "2473-2474", "page": null, "ISSN": "", "note": "type: periodical\npublisher :CRISP\npublisher-place : Bruxelles" } ]