[ { "type": "article-journal", "accessed": { "date-parts": [ [ "2026", 4, 28 ] ] }, "title": "Gr\u00e8ves et conflictualit\u00e9 sociale en 2011", "title-short": "", "abstract": "R\u00e9alis\u00e9 par huit chercheurs du Groupe d\u2019analyse des conflits sociaux (GRACOS), le pr\u00e9sent Courrier hebdomadaire \u00e9tudie les principaux mouvements de gr\u00e8ve et autres \u00e9l\u00e9ments de la conflictualit\u00e9 sociale qui ont jalonn\u00e9 l\u2019ann\u00e9e 2011.Particuli\u00e8rement significatifs par rapport \u00e0 l\u2019histoire sociale et aux enjeux futurs, ces conflits sont regroup\u00e9s en six chapitres : le rejet du projet d\u2019accord interprofessionnel et l\u2019opposition syndicale aux mesures d\u2019aust\u00e9rit\u00e9 du gouvernement Di Rupo, les soci\u00e9t\u00e9s de transport en commun (SNCB, TEC et STIB), les restructurations et fermetures d\u2019entreprise (dont SAPA et AB InBev), la sid\u00e9rurgie wallonne (en particulier ArcelorMittal-Li\u00e8ge), l\u2019enseignement fondamental et secondaire en Communaut\u00e9 fran\u00e7aise et, cas atypique, le personnel naviguant de la soci\u00e9t\u00e9 Ryanair. L\u2019analyse est compl\u00e9t\u00e9e par une annexe statistique fournissant un aper\u00e7u chiffr\u00e9 du ph\u00e9nom\u00e8ne des gr\u00e8ves en Belgique entre 1991 et 2011.Dans un contexte marqu\u00e9 par les r\u00e9percussions de la crise financi\u00e8re et bancaire mondiale, l\u2019ann\u00e9e 2011 s\u2019est caract\u00e9ris\u00e9e par une recrudescence certaine des conflits sociaux aux niveaux interprofessionnel, sectoriel et de l\u2019entreprise, tant dans le secteur public que priv\u00e9. L\u2019analyse du GRACOS met en \u00e9vidence les \u00e9l\u00e9ments saillants de cette conflictualit\u00e9 accrue, dont la remise en cause du droit de gr\u00e8ve, les r\u00e9actions patronales visant \u00e0 l\u2019intervention de la justice, la question du service minimum et de la r\u00e9quisition de gr\u00e9vistes, et le r\u00f4le des m\u00e9dias. Plus largement, c\u2019est l\u2019\u00e9volution globale des relations collectives de travail et de la concertation sociale qui est questionn\u00e9e.", "language": "fre", "URL": "https://www.crisp.be/fr/catalogue/1788-greves-et-conflictualite-sociale-en-2011.html", "author": [ { "family": "Gracos", "given": "Iannis" } ], "contributor": [ { "family": "Bingen", "given": "Aline" }, { "family": "Faniel", "given": "Jean" }, { "family": "Martinez", "given": "Esteban" }, { "family": "Vandaele", "given": "Kurt" }, { "family": "Capron", "given": "Michel" }, { "family": "Demertzis", "given": "Va\u00efa" }, { "family": "Gobin", "given": "Corinne" }, { "family": "Vandewattyne", "given": "Jean" } ], "editor": "", "issued": { "date-parts": [ [ "2026", 3, 20 ] ] }, "container-title": "Courrier hebdomadaire du CRISP", "archive": "www.crisp.be", "journalAbbreviation": "Courrier hebdomadaire", "issue": "2135-2136", "page": null, "ISSN": "", "note": "type: periodical\npublisher :CRISP\npublisher-place : Bruxelles" } ]